{"id":8479,"date":"2022-02-08T12:39:07","date_gmt":"2022-02-08T10:39:07","guid":{"rendered":"https:\/\/www.plastigaur.com\/?p=8479"},"modified":"2022-02-08T12:39:07","modified_gmt":"2022-02-08T10:39:07","slug":"iv-internationalen-kongress-fuer-kreislaufwirtschaft","status":"publish","type":"post","link":"https:\/\/www.plastigaur.com\/de\/iv-internationalen-kongress-fuer-kreislaufwirtschaft\/","title":{"rendered":"IV INTERNATIONALEN KONGRESS F\u00dcR KREISLAUFWIRTSCHAFT"},"content":{"rendered":"<p><img loading=\"lazy\" decoding=\"async\" class=\"alignnone wp-image-8455\" src=\"https:\/\/www.plastigaur.com\/wp-content\/uploads\/2022\/02\/03_Ciclo-de-Economia-Circular_DE-300x156.jpg\" alt=\"\" width=\"1002\" height=\"521\" srcset=\"https:\/\/www.plastigaur.com\/wp-content\/uploads\/2022\/02\/03_Ciclo-de-Economia-Circular_DE-300x156.jpg 300w, https:\/\/www.plastigaur.com\/wp-content\/uploads\/2022\/02\/03_Ciclo-de-Economia-Circular_DE-1024x531.jpg 1024w, https:\/\/www.plastigaur.com\/wp-content\/uploads\/2022\/02\/03_Ciclo-de-Economia-Circular_DE-768x398.jpg 768w, https:\/\/www.plastigaur.com\/wp-content\/uploads\/2022\/02\/03_Ciclo-de-Economia-Circular_DE-1x1.jpg 1w, https:\/\/www.plastigaur.com\/wp-content\/uploads\/2022\/02\/03_Ciclo-de-Economia-Circular_DE-10x5.jpg 10w\" sizes=\"auto, (max-width: 1002px) 100vw, 1002px\" \/><\/p>\n<p align=\"justify\">Das dritte Jahr in Folge nimmt Plastigaur am Internationalen Kongress f\u00fcr Kreislaufwirtschaft teil. Bei dieser Gelegenheit ist der Gesch\u00e4ftsf\u00fchrer Luis Artola, zusammen mit Vertretern von Unternehmen und Organismen wie Grupo Galloo, EURIC, Jolas und Plastic Energy Teilnehmer des Blocks \u201eHerausforderungen und Chancen in der neuen Kunststoffwirtschaft\u201d.<\/p>\n<p align=\"justify\">Der Internationale Kongress f\u00fcr Kreislaufwirtschaft ist eine im Jahr 2019 gegr\u00fcndete Plattform zur F\u00f6rderung gr\u00fcner Wirtschaft, der Schaffung von Synergien und Allianzen und die Umsetzung dieser Transformation in ein sauberes Kreislaufwirtschaftsmodell in gerechter Art und Weise unter Einbindung aller Agenten, Unternehmen und der B\u00fcrger, ohne dass eine Gruppe bei diesen Paradigmenwechsel auf der Strecke bleibt.<\/p>\n<p align=\"justify\">Diese vierte Auflage richtet sich an alle sozialen, wirtschaftlichen und institutionellen Bereiche und Branchen und konzentriert sich auf die F\u00f6rderung einer schnell eintretenden, nachhaltigen Zukunft sowie auf das Kennenlernen der Aktionen, die auf europ\u00e4ischer, staatlicher und lokaler Ebene im Hinblick auf einige der wichtigsten Strategien der Kreislaufwirtschaft, wie die neue Kunststoffwirtschaft oder die Bio-Wirtschaft, neben anderen, sowie der Erfolgsfall des baskischen Unternehmensnetzwerks und den Chancen, welche Unternehmertum und die Investition in gr\u00fcne Unternehmen in ihrer Gegend generieren k\u00f6nnen, umgesetzt werden.<\/p>\n<p>Alle Details sowie die Anmeldung zum Kongress finden Sie unter folgendem Link: <a href=\"https:\/\/www.gipuzkoa.eus\/es\/web\/ingurumena\/-\/ekonomia-zirkularrari-buruzko-nazioarteko-iv-topaketa\">https:\/\/www.gipuzkoa.eus\/es\/web\/ingurumena\/-\/ekonomia-zirkularrari-buruzko-nazioarteko-iv-topaketa<\/a><\/p>\n<p>&nbsp;<\/p>\n<p>PLASTIGAUR, Innovation is flexible<\/p>\n","protected":false},"excerpt":{"rendered":"<p>Das dritte Jahr in Folge nimmt Plastigaur am Internationalen Kongress f\u00fcr Kreislaufwirtschaft teil. Bei dieser Gelegenheit ist der Gesch\u00e4ftsf\u00fchrer Luis<\/p>\n","protected":false},"author":6,"featured_media":8455,"comment_status":"open","ping_status":"open","sticky":false,"template":"","format":"standard","meta":{"om_disable_all_campaigns":false,"_monsterinsights_skip_tracking":false,"_monsterinsights_sitenote_active":false,"_monsterinsights_sitenote_note":"","_monsterinsights_sitenote_category":0,"_uf_show_specific_survey":0,"_uf_disable_surveys":false,"mc4wp_mailchimp_campaign":[],"footnotes":""},"categories":[23],"tags":[],"class_list":["post-8479","post","type-post","status-publish","format-standard","has-post-thumbnail","hentry","category-unkategorisiert"],"yoast_head":"<!-- This site is optimized with the Yoast SEO plugin v25.8 - https:\/\/yoast.com\/wordpress\/plugins\/seo\/ -->\n<title>IV INTERNATIONALEN KONGRESS F\u00dcR KREISLAUFWIRTSCHAFT - Plastigaur<\/title>\n<meta name=\"robots\" content=\"index, follow, max-snippet:-1, max-image-preview:large, max-video-preview:-1\" \/>\n<link rel=\"canonical\" href=\"https:\/\/www.plastigaur.com\/de\/iv-internationalen-kongress-fuer-kreislaufwirtschaft\/\" \/>\n<meta property=\"og:locale\" content=\"de_DE\" \/>\n<meta property=\"og:type\" content=\"article\" \/>\n<meta property=\"og:title\" content=\"IV INTERNATIONALEN KONGRESS F\u00dcR KREISLAUFWIRTSCHAFT - Plastigaur\" \/>\n<meta property=\"og:description\" content=\"Das dritte Jahr in Folge nimmt Plastigaur am Internationalen Kongress f\u00fcr Kreislaufwirtschaft teil. Bei dieser Gelegenheit ist der Gesch\u00e4ftsf\u00fchrer Luis\" \/>\n<meta property=\"og:url\" content=\"https:\/\/www.plastigaur.com\/de\/iv-internationalen-kongress-fuer-kreislaufwirtschaft\/\" \/>\n<meta property=\"og:site_name\" content=\"Plastigaur\" \/>\n<meta property=\"article:published_time\" content=\"2022-02-08T10:39:07+00:00\" \/>\n<meta property=\"og:image\" content=\"https:\/\/www.plastigaur.com\/wp-content\/uploads\/2022\/02\/03_Ciclo-de-Economia-Circular_DE.jpg\" \/>\n\t<meta property=\"og:image:width\" content=\"2041\" \/>\n\t<meta property=\"og:image:height\" content=\"1058\" \/>\n\t<meta property=\"og:image:type\" content=\"image\/jpeg\" \/>\n<meta name=\"author\" content=\"PLASTIGAUR\" \/>\n<meta name=\"twitter:card\" content=\"summary_large_image\" \/>\n<meta name=\"twitter:label1\" content=\"Verfasst von\" \/>\n\t<meta name=\"twitter:data1\" content=\"PLASTIGAUR\" \/>\n\t<meta name=\"twitter:label2\" content=\"Gesch\u00e4tzte Lesezeit\" \/>\n\t<meta name=\"twitter:data2\" content=\"1\u00a0Minute\" \/>\n<script type=\"application\/ld+json\" class=\"yoast-schema-graph\">{\"@context\":\"https:\/\/schema.org\",\"@graph\":[{\"@type\":\"Article\",\"@id\":\"https:\/\/www.plastigaur.com\/de\/iv-internationalen-kongress-fuer-kreislaufwirtschaft\/#article\",\"isPartOf\":{\"@id\":\"https:\/\/www.plastigaur.com\/de\/iv-internationalen-kongress-fuer-kreislaufwirtschaft\/\"},\"author\":{\"name\":\"PLASTIGAUR\",\"@id\":\"https:\/\/www.plastigaur.com\/de\/#\/schema\/person\/48a770f86db1e810a8644f521b61edf8\"},\"headline\":\"IV INTERNATIONALEN KONGRESS F\u00dcR KREISLAUFWIRTSCHAFT\",\"datePublished\":\"2022-02-08T10:39:07+00:00\",\"mainEntityOfPage\":{\"@id\":\"https:\/\/www.plastigaur.com\/de\/iv-internationalen-kongress-fuer-kreislaufwirtschaft\/\"},\"wordCount\":224,\"commentCount\":0,\"publisher\":{\"@id\":\"https:\/\/www.plastigaur.com\/de\/#organization\"},\"image\":{\"@id\":\"https:\/\/www.plastigaur.com\/de\/iv-internationalen-kongress-fuer-kreislaufwirtschaft\/#primaryimage\"},\"thumbnailUrl\":\"https:\/\/www.plastigaur.com\/wp-content\/uploads\/2022\/02\/03_Ciclo-de-Economia-Circular_DE.jpg\",\"articleSection\":[\"Unkategorisiert\"],\"inLanguage\":\"de\",\"potentialAction\":[{\"@type\":\"CommentAction\",\"name\":\"Comment\",\"target\":[\"https:\/\/www.plastigaur.com\/de\/iv-internationalen-kongress-fuer-kreislaufwirtschaft\/#respond\"]}]},{\"@type\":\"WebPage\",\"@id\":\"https:\/\/www.plastigaur.com\/de\/iv-internationalen-kongress-fuer-kreislaufwirtschaft\/\",\"url\":\"https:\/\/www.plastigaur.com\/de\/iv-internationalen-kongress-fuer-kreislaufwirtschaft\/\",\"name\":\"IV INTERNATIONALEN KONGRESS F\u00dcR KREISLAUFWIRTSCHAFT - Plastigaur\",\"isPartOf\":{\"@id\":\"https:\/\/www.plastigaur.com\/de\/#website\"},\"primaryImageOfPage\":{\"@id\":\"https:\/\/www.plastigaur.com\/de\/iv-internationalen-kongress-fuer-kreislaufwirtschaft\/#primaryimage\"},\"image\":{\"@id\":\"https:\/\/www.plastigaur.com\/de\/iv-internationalen-kongress-fuer-kreislaufwirtschaft\/#primaryimage\"},\"thumbnailUrl\":\"https:\/\/www.plastigaur.com\/wp-content\/uploads\/2022\/02\/03_Ciclo-de-Economia-Circular_DE.jpg\",\"datePublished\":\"2022-02-08T10:39:07+00:00\",\"breadcrumb\":{\"@id\":\"https:\/\/www.plastigaur.com\/de\/iv-internationalen-kongress-fuer-kreislaufwirtschaft\/#breadcrumb\"},\"inLanguage\":\"de\",\"potentialAction\":[{\"@type\":\"ReadAction\",\"target\":[\"https:\/\/www.plastigaur.com\/de\/iv-internationalen-kongress-fuer-kreislaufwirtschaft\/\"]}]},{\"@type\":\"ImageObject\",\"inLanguage\":\"de\",\"@id\":\"https:\/\/www.plastigaur.com\/de\/iv-internationalen-kongress-fuer-kreislaufwirtschaft\/#primaryimage\",\"url\":\"https:\/\/www.plastigaur.com\/wp-content\/uploads\/2022\/02\/03_Ciclo-de-Economia-Circular_DE.jpg\",\"contentUrl\":\"https:\/\/www.plastigaur.com\/wp-content\/uploads\/2022\/02\/03_Ciclo-de-Economia-Circular_DE.jpg\",\"width\":2041,\"height\":1058},{\"@type\":\"BreadcrumbList\",\"@id\":\"https:\/\/www.plastigaur.com\/de\/iv-internationalen-kongress-fuer-kreislaufwirtschaft\/#breadcrumb\",\"itemListElement\":[{\"@type\":\"ListItem\",\"position\":1,\"name\":\"START\",\"item\":\"https:\/\/www.plastigaur.com\/de\/\"},{\"@type\":\"ListItem\",\"position\":2,\"name\":\"IV INTERNATIONALEN KONGRESS F\u00dcR KREISLAUFWIRTSCHAFT\"}]},{\"@type\":\"WebSite\",\"@id\":\"https:\/\/www.plastigaur.com\/de\/#website\",\"url\":\"https:\/\/www.plastigaur.com\/de\/\",\"name\":\"Plastigaur\",\"description\":\"Envases y Embalajes\",\"publisher\":{\"@id\":\"https:\/\/www.plastigaur.com\/de\/#organization\"},\"potentialAction\":[{\"@type\":\"SearchAction\",\"target\":{\"@type\":\"EntryPoint\",\"urlTemplate\":\"https:\/\/www.plastigaur.com\/de\/?s={search_term_string}\"},\"query-input\":{\"@type\":\"PropertyValueSpecification\",\"valueRequired\":true,\"valueName\":\"search_term_string\"}}],\"inLanguage\":\"de\"},{\"@type\":\"Organization\",\"@id\":\"https:\/\/www.plastigaur.com\/de\/#organization\",\"name\":\"Plastigaur\",\"url\":\"https:\/\/www.plastigaur.com\/de\/\",\"logo\":{\"@type\":\"ImageObject\",\"inLanguage\":\"de\",\"@id\":\"https:\/\/www.plastigaur.com\/de\/#\/schema\/logo\/image\/\",\"url\":\"https:\/\/www.plastigaur.com\/wp-content\/uploads\/2020\/05\/Plastigaur-envases-y-embalajes-sostenibles.png\",\"contentUrl\":\"https:\/\/www.plastigaur.com\/wp-content\/uploads\/2020\/05\/Plastigaur-envases-y-embalajes-sostenibles.png\",\"width\":400,\"height\":110,\"caption\":\"Plastigaur\"},\"image\":{\"@id\":\"https:\/\/www.plastigaur.com\/de\/#\/schema\/logo\/image\/\"},\"sameAs\":[\"https:\/\/www.linkedin.com\/company\/plastigaur\/\"]},{\"@type\":\"Person\",\"@id\":\"https:\/\/www.plastigaur.com\/de\/#\/schema\/person\/48a770f86db1e810a8644f521b61edf8\",\"name\":\"PLASTIGAUR\",\"image\":{\"@type\":\"ImageObject\",\"inLanguage\":\"de\",\"@id\":\"https:\/\/www.plastigaur.com\/de\/#\/schema\/person\/image\/\",\"url\":\"https:\/\/secure.gravatar.com\/avatar\/3be50e83e2807d41fff5f81735aaa3cf?s=96&d=mm&r=g\",\"contentUrl\":\"https:\/\/secure.gravatar.com\/avatar\/3be50e83e2807d41fff5f81735aaa3cf?s=96&d=mm&r=g\",\"caption\":\"PLASTIGAUR\"},\"url\":\"https:\/\/www.plastigaur.com\/de\/author\/plastigaur-com\/\"}]}<\/script>\n<!-- \/ Yoast SEO plugin. -->","yoast_head_json":{"title":"IV INTERNATIONALEN KONGRESS F\u00dcR KREISLAUFWIRTSCHAFT - Plastigaur","robots":{"index":"index","follow":"follow","max-snippet":"max-snippet:-1","max-image-preview":"max-image-preview:large","max-video-preview":"max-video-preview:-1"},"canonical":"https:\/\/www.plastigaur.com\/de\/iv-internationalen-kongress-fuer-kreislaufwirtschaft\/","og_locale":"de_DE","og_type":"article","og_title":"IV INTERNATIONALEN KONGRESS F\u00dcR KREISLAUFWIRTSCHAFT - Plastigaur","og_description":"Das dritte Jahr in Folge nimmt Plastigaur am Internationalen Kongress f\u00fcr Kreislaufwirtschaft teil. Bei dieser Gelegenheit ist der Gesch\u00e4ftsf\u00fchrer Luis","og_url":"https:\/\/www.plastigaur.com\/de\/iv-internationalen-kongress-fuer-kreislaufwirtschaft\/","og_site_name":"Plastigaur","article_published_time":"2022-02-08T10:39:07+00:00","og_image":[{"width":2041,"height":1058,"url":"https:\/\/www.plastigaur.com\/wp-content\/uploads\/2022\/02\/03_Ciclo-de-Economia-Circular_DE.jpg","type":"image\/jpeg"}],"author":"PLASTIGAUR","twitter_card":"summary_large_image","twitter_misc":{"Verfasst von":"PLASTIGAUR","Gesch\u00e4tzte Lesezeit":"1\u00a0Minute"},"schema":{"@context":"https:\/\/schema.org","@graph":[{"@type":"Article","@id":"https:\/\/www.plastigaur.com\/de\/iv-internationalen-kongress-fuer-kreislaufwirtschaft\/#article","isPartOf":{"@id":"https:\/\/www.plastigaur.com\/de\/iv-internationalen-kongress-fuer-kreislaufwirtschaft\/"},"author":{"name":"PLASTIGAUR","@id":"https:\/\/www.plastigaur.com\/de\/#\/schema\/person\/48a770f86db1e810a8644f521b61edf8"},"headline":"IV INTERNATIONALEN KONGRESS F\u00dcR KREISLAUFWIRTSCHAFT","datePublished":"2022-02-08T10:39:07+00:00","mainEntityOfPage":{"@id":"https:\/\/www.plastigaur.com\/de\/iv-internationalen-kongress-fuer-kreislaufwirtschaft\/"},"wordCount":224,"commentCount":0,"publisher":{"@id":"https:\/\/www.plastigaur.com\/de\/#organization"},"image":{"@id":"https:\/\/www.plastigaur.com\/de\/iv-internationalen-kongress-fuer-kreislaufwirtschaft\/#primaryimage"},"thumbnailUrl":"https:\/\/www.plastigaur.com\/wp-content\/uploads\/2022\/02\/03_Ciclo-de-Economia-Circular_DE.jpg","articleSection":["Unkategorisiert"],"inLanguage":"de","potentialAction":[{"@type":"CommentAction","name":"Comment","target":["https:\/\/www.plastigaur.com\/de\/iv-internationalen-kongress-fuer-kreislaufwirtschaft\/#respond"]}]},{"@type":"WebPage","@id":"https:\/\/www.plastigaur.com\/de\/iv-internationalen-kongress-fuer-kreislaufwirtschaft\/","url":"https:\/\/www.plastigaur.com\/de\/iv-internationalen-kongress-fuer-kreislaufwirtschaft\/","name":"IV INTERNATIONALEN KONGRESS F\u00dcR KREISLAUFWIRTSCHAFT - Plastigaur","isPartOf":{"@id":"https:\/\/www.plastigaur.com\/de\/#website"},"primaryImageOfPage":{"@id":"https:\/\/www.plastigaur.com\/de\/iv-internationalen-kongress-fuer-kreislaufwirtschaft\/#primaryimage"},"image":{"@id":"https:\/\/www.plastigaur.com\/de\/iv-internationalen-kongress-fuer-kreislaufwirtschaft\/#primaryimage"},"thumbnailUrl":"https:\/\/www.plastigaur.com\/wp-content\/uploads\/2022\/02\/03_Ciclo-de-Economia-Circular_DE.jpg","datePublished":"2022-02-08T10:39:07+00:00","breadcrumb":{"@id":"https:\/\/www.plastigaur.com\/de\/iv-internationalen-kongress-fuer-kreislaufwirtschaft\/#breadcrumb"},"inLanguage":"de","potentialAction":[{"@type":"ReadAction","target":["https:\/\/www.plastigaur.com\/de\/iv-internationalen-kongress-fuer-kreislaufwirtschaft\/"]}]},{"@type":"ImageObject","inLanguage":"de","@id":"https:\/\/www.plastigaur.com\/de\/iv-internationalen-kongress-fuer-kreislaufwirtschaft\/#primaryimage","url":"https:\/\/www.plastigaur.com\/wp-content\/uploads\/2022\/02\/03_Ciclo-de-Economia-Circular_DE.jpg","contentUrl":"https:\/\/www.plastigaur.com\/wp-content\/uploads\/2022\/02\/03_Ciclo-de-Economia-Circular_DE.jpg","width":2041,"height":1058},{"@type":"BreadcrumbList","@id":"https:\/\/www.plastigaur.com\/de\/iv-internationalen-kongress-fuer-kreislaufwirtschaft\/#breadcrumb","itemListElement":[{"@type":"ListItem","position":1,"name":"START","item":"https:\/\/www.plastigaur.com\/de\/"},{"@type":"ListItem","position":2,"name":"IV INTERNATIONALEN KONGRESS F\u00dcR KREISLAUFWIRTSCHAFT"}]},{"@type":"WebSite","@id":"https:\/\/www.plastigaur.com\/de\/#website","url":"https:\/\/www.plastigaur.com\/de\/","name":"Plastigaur","description":"Envases y Embalajes","publisher":{"@id":"https:\/\/www.plastigaur.com\/de\/#organization"},"potentialAction":[{"@type":"SearchAction","target":{"@type":"EntryPoint","urlTemplate":"https:\/\/www.plastigaur.com\/de\/?s={search_term_string}"},"query-input":{"@type":"PropertyValueSpecification","valueRequired":true,"valueName":"search_term_string"}}],"inLanguage":"de"},{"@type":"Organization","@id":"https:\/\/www.plastigaur.com\/de\/#organization","name":"Plastigaur","url":"https:\/\/www.plastigaur.com\/de\/","logo":{"@type":"ImageObject","inLanguage":"de","@id":"https:\/\/www.plastigaur.com\/de\/#\/schema\/logo\/image\/","url":"https:\/\/www.plastigaur.com\/wp-content\/uploads\/2020\/05\/Plastigaur-envases-y-embalajes-sostenibles.png","contentUrl":"https:\/\/www.plastigaur.com\/wp-content\/uploads\/2020\/05\/Plastigaur-envases-y-embalajes-sostenibles.png","width":400,"height":110,"caption":"Plastigaur"},"image":{"@id":"https:\/\/www.plastigaur.com\/de\/#\/schema\/logo\/image\/"},"sameAs":["https:\/\/www.linkedin.com\/company\/plastigaur\/"]},{"@type":"Person","@id":"https:\/\/www.plastigaur.com\/de\/#\/schema\/person\/48a770f86db1e810a8644f521b61edf8","name":"PLASTIGAUR","image":{"@type":"ImageObject","inLanguage":"de","@id":"https:\/\/www.plastigaur.com\/de\/#\/schema\/person\/image\/","url":"https:\/\/secure.gravatar.com\/avatar\/3be50e83e2807d41fff5f81735aaa3cf?s=96&d=mm&r=g","contentUrl":"https:\/\/secure.gravatar.com\/avatar\/3be50e83e2807d41fff5f81735aaa3cf?s=96&d=mm&r=g","caption":"PLASTIGAUR"},"url":"https:\/\/www.plastigaur.com\/de\/author\/plastigaur-com\/"}]}},"_links":{"self":[{"href":"https:\/\/www.plastigaur.com\/de\/wp-json\/wp\/v2\/posts\/8479","targetHints":{"allow":["GET"]}}],"collection":[{"href":"https:\/\/www.plastigaur.com\/de\/wp-json\/wp\/v2\/posts"}],"about":[{"href":"https:\/\/www.plastigaur.com\/de\/wp-json\/wp\/v2\/types\/post"}],"author":[{"embeddable":true,"href":"https:\/\/www.plastigaur.com\/de\/wp-json\/wp\/v2\/users\/6"}],"replies":[{"embeddable":true,"href":"https:\/\/www.plastigaur.com\/de\/wp-json\/wp\/v2\/comments?post=8479"}],"version-history":[{"count":1,"href":"https:\/\/www.plastigaur.com\/de\/wp-json\/wp\/v2\/posts\/8479\/revisions"}],"predecessor-version":[{"id":8480,"href":"https:\/\/www.plastigaur.com\/de\/wp-json\/wp\/v2\/posts\/8479\/revisions\/8480"}],"wp:featuredmedia":[{"embeddable":true,"href":"https:\/\/www.plastigaur.com\/de\/wp-json\/wp\/v2\/media\/8455"}],"wp:attachment":[{"href":"https:\/\/www.plastigaur.com\/de\/wp-json\/wp\/v2\/media?parent=8479"}],"wp:term":[{"taxonomy":"category","embeddable":true,"href":"https:\/\/www.plastigaur.com\/de\/wp-json\/wp\/v2\/categories?post=8479"},{"taxonomy":"post_tag","embeddable":true,"href":"https:\/\/www.plastigaur.com\/de\/wp-json\/wp\/v2\/tags?post=8479"}],"curies":[{"name":"wp","href":"https:\/\/api.w.org\/{rel}","templated":true}]}}